{"id":5291,"date":"2025-03-03T19:28:39","date_gmt":"2025-03-04T01:28:39","guid":{"rendered":"https:\/\/radioguerrerosonline.com\/?p=5291"},"modified":"2025-03-03T19:28:39","modified_gmt":"2025-03-04T01:28:39","slug":"abren-en-edomex-discusion-para-reduccion-de-jornadas-laborales","status":"publish","type":"post","link":"https:\/\/radioguerrerosonline.com\/index.php\/2025\/03\/03\/abren-en-edomex-discusion-para-reduccion-de-jornadas-laborales\/","title":{"rendered":"Abren en Edomex discusi\u00f3n para reducci\u00f3n de jornadas laborales"},"content":{"rendered":"\n<p><strong>Toluca, M\u00e9xico a 03 de Marzo de 2025.<\/strong><\/p>\n\n\n\n<p>\u2022El Congreso mexiquense fue sede del primer evento del \u201cCiclo de Foros: Jornada Laboral Digna\u201d (cuyo objetivo socializar la iniciativa de reforma constitucional de MC, en la C\u00e1mara de Diputados Federal, para reducir la jornada laboral de 48 a 40 horas), en el que representantes de los tres poderes del Estado y del sector empresarial concordaron en la necesidad de que en M\u00e9xico se avance progresivamente en la reducci\u00f3n de horas laborales e implementar mecanismos que garanticen la productividad.<\/p>\n\n\n\n<p>El parlamentario Maurilio Hern\u00e1ndez Gonz\u00e1lez (morena), presidente de la Directiva de la LXII Legislatura mexiquense, expres\u00f3 su confianza para el perfeccionamiento de las leyes, que permita a la clase trabajadora contar con los mejores elementos para ser m\u00e1s productiva y tener una mejor calidad de vida.<\/p>\n\n\n\n<p>Reconoci\u00f3 que esta causa unir\u00e1 a la mayor\u00eda de integrantes de las bancadas parlamentarias, pues consider\u00f3 pocas divergencias pero se pueden solucionar a trav\u00e9s del di\u00e1logo para el beneficio de la clase trabajadora. Adem\u00e1s, expres\u00f3 que se debe encontrar un punto de equilibrio entre personas empleadoras y trabajadoras, as\u00ed como que es responsabilidad de legisladoras y legisladores el generar condiciones para tener una participaci\u00f3n justa y equitativa entre todos los actores involucrados.<\/p>\n\n\n\n<figure class=\"wp-block-image size-large\"><img loading=\"lazy\" loading=\"lazy\" decoding=\"async\" width=\"1024\" height=\"683\" src=\"https:\/\/radioguerrerosonline.com\/wp-content\/uploads\/2025\/03\/IMG_0186-1024x683.jpeg\" alt=\"\" class=\"wp-image-5293\"\/><\/figure>\n\n\n\n<p><strong>Ante el diputado Juan Zepeda Hern\u00e1ndez, coordinador parlamentario de MC en el Congreso local, la diputada Ruth Salinas Reyes (MC) resalt\u00f3 que en la entidad se inician los foros para la discusi\u00f3n de esta iniciativa, la cual tiene como prioridad escuchar las voces de todos los sectores, y reconoci\u00f3 las aportaciones de la academia, del sector empresarial, de los medios de comunicaci\u00f3n, de asociaciones civiles y de los poderes del Estado.<\/strong><\/p>\n\n\n\n<p>Por el PT, el legislador Ernesto Santill\u00e1n Ram\u00edrez, presidente de la Comisi\u00f3n de Trabajo, Previsi\u00f3n y Seguridad Social del Congreso local, indic\u00f3 que desde la Cuarta Transformaci\u00f3n se tiene un compromiso constante con la clase trabajadora, y que estos foros son la oportunidad de reafirmarlo y construir una legislaci\u00f3n que marque la diferencia.<\/p>\n\n\n\n<p>La diputada federal Patricia Mercado Castro y el diputado federal Juan Zavala Guti\u00e9rrez, proponentes de la iniciativa, resaltaron la relevancia de la reforma, dado que desde hace 90 a\u00f1os M\u00e9xico firm\u00f3 un convenio para reducir la jornada laboral y no se ha concretado, por lo que buscan que deje de ser el pa\u00eds que m\u00e1s horas trabaja de las econom\u00edas de ingreso medio, representadas en la Organizaci\u00f3n para la Cooperaci\u00f3n y el Desarrollo Econ\u00f3mico (OCDE); y el menos productivo, junto con Colombia. Asimismo, se\u00f1alaron que el modelo productivo no est\u00e1 funcionando, por lo cual llamaron a unir voluntades en beneficio de las y los trabajadores.<\/p>\n\n\n\n<p>En representaci\u00f3n del Poder Ejecutivo, Jes\u00fas George Zamora, consejero jur\u00eddico del gobierno estatal, refiri\u00f3 que M\u00e9xico tiene las jornadas laborales m\u00e1s extensas a nivel mundial (con un promedio anual de dos mil 207 horas), superando el 26.6 por ciento del promedio de 38 estados miembros de la OCDE, mientras que Alemania o Francia cuentan con 25-35 horas laborales, sin afectar su productividad.<\/p>\n\n\n\n<p>Al compartir que el gobierno de la presidenta Claudia Sheinbaum Pardo trabaja en una iniciativa al respecto, junto con el sector empresarial, as\u00ed como que hay cuatro iniciativas (de morena, PT y PVEM) similares, George Zamora afirm\u00f3 que es una materia que une a diferentes actores en beneficio de la poblaci\u00f3n, y confi\u00f3 en que el camino sea una transici\u00f3n progresiva y flexible, adapt\u00e1ndose a las condiciones de cada sector productivo.<\/p>\n\n\n\n<p>El magistrado Mario Eduardo Navarro Cabral, consejero de la Judicatura del Poder Judicial del Estado de M\u00e9xico, record\u00f3 que, desde hace 50 a\u00f1os, instancias internacionales se han pronunciado por la reducci\u00f3n de la jornada laboral y coincidi\u00f3 en que la opci\u00f3n m\u00e1s viable es hacer cambios paulatinos.<\/p>\n\n\n\n<p>Tras asegurar que la gobernadora Delfina G\u00f3mez \u00c1lvarez coincide con la agenda planteada en el foro, y agradecer que el legislador Maurilio Hern\u00e1ndez augure un respaldo a la iniciativa, Jorge \u00c1lvarez M\u00e1ynez, coordinador de la Comisi\u00f3n Operativa Nacional de MC, asever\u00f3 que es un momento hist\u00f3rico para que M\u00e9xico tome postura sobre estos temas, y admiti\u00f3 que desde el Poder Legislativo se deben generar condiciones para respaldar al sector empresarial, tanto en materia de energ\u00eda, agua y servicios complementarios, as\u00ed como en transporte, pues afirm\u00f3 que, por ejemplo, las mujeres cubren su jornada laboral, pasan muchas horas en el transporte dirigi\u00e9ndose al trabajo, y en casa desarrollan las labores dom\u00e9sticas.<\/p>\n\n\n\n<figure class=\"wp-block-image size-large\"><img loading=\"lazy\" loading=\"lazy\" decoding=\"async\" width=\"1024\" height=\"683\" src=\"https:\/\/radioguerrerosonline.com\/wp-content\/uploads\/2025\/03\/IMG_0182-1024x683.jpeg\" alt=\"\" class=\"wp-image-5292\"\/><\/figure>\n\n\n\n<p><strong>Del sector empresarial, Mar\u00eda de Lourdes Medina Ortega, vicepresidenta nacional de las delegaciones de la C\u00e1mara Nacional de la Industria de la Transformaci\u00f3n; y Rodolfo Gonz\u00e1lez Guzm\u00e1n, secretario general de la Conferencia Regional Obrera Mexicana, reconocieron que en M\u00e9xico se trabaja m\u00e1s que en otros pa\u00edses, pero enfatizaron en que es uno de los pa\u00edses con menos productividad a nivel mundial.<\/strong><\/p>\n\n\n\n<p>Plantearon que no se sobrerregule en la materia, que se implemente un modelo basado en la productividad y no por horas, que la reducci\u00f3n de horas sea gradual, y que se cuente con flexibilidad laboral dependiendo del sector productivo.&nbsp;<\/p>\n\n\n\n<p>El evento cont\u00f3 con participaciones de representantes del Consejo Nacional Laboral; de la Comisi\u00f3n de Derechos Humanos del Estado de M\u00e9xico; del Consejo de C\u00e1maras y Asociaciones Empresariales del Estado de M\u00e9xico; de la Universidad Aut\u00f3noma del Estado de M\u00e9xico; de la Comisi\u00f3n Laboral de la C\u00e1mara Nacional de la Industria de Transformaci\u00f3n; de la Confederaci\u00f3n de C\u00e1maras Nacionales de Comercio, Servicios y Turismo; de medios de comunicaci\u00f3n; de sindicatos, entre otros.<\/p>\n","protected":false},"excerpt":{"rendered":"<p>Toluca, M\u00e9xico a 03 de Marzo de 2025. \u2022El Congreso mexiquense fue sede del primer evento del \u201cCiclo de Foros: Jornada Laboral Digna\u201d (cuyo objetivo socializar la iniciativa de reforma constitucional de MC, en la C\u00e1mara de Diputados Federal, para reducir la jornada laboral de 48 a 40 horas), en el que representantes de los [&hellip;]<\/p>\n","protected":false},"author":2,"featured_media":5294,"comment_status":"open","ping_status":"open","sticky":false,"template":"","format":"standard","meta":{"content-type":"","footnotes":""},"categories":[36,1,33,34,35],"tags":[49],"class_list":{"0":"post-5291","1":"post","2":"type-post","3":"status-publish","4":"format-standard","5":"has-post-thumbnail","7":"category-actualidad","8":"category-blog","9":"category-edomex","10":"category-estados","11":"category-politica","12":"tag-edomex-2"},"_links":{"self":[{"href":"https:\/\/radioguerrerosonline.com\/index.php\/wp-json\/wp\/v2\/posts\/5291","targetHints":{"allow":["GET"]}}],"collection":[{"href":"https:\/\/radioguerrerosonline.com\/index.php\/wp-json\/wp\/v2\/posts"}],"about":[{"href":"https:\/\/radioguerrerosonline.com\/index.php\/wp-json\/wp\/v2\/types\/post"}],"author":[{"embeddable":true,"href":"https:\/\/radioguerrerosonline.com\/index.php\/wp-json\/wp\/v2\/users\/2"}],"replies":[{"embeddable":true,"href":"https:\/\/radioguerrerosonline.com\/index.php\/wp-json\/wp\/v2\/comments?post=5291"}],"version-history":[{"count":1,"href":"https:\/\/radioguerrerosonline.com\/index.php\/wp-json\/wp\/v2\/posts\/5291\/revisions"}],"predecessor-version":[{"id":5295,"href":"https:\/\/radioguerrerosonline.com\/index.php\/wp-json\/wp\/v2\/posts\/5291\/revisions\/5295"}],"wp:featuredmedia":[{"embeddable":true,"href":"https:\/\/radioguerrerosonline.com\/index.php\/wp-json\/wp\/v2\/media\/5294"}],"wp:attachment":[{"href":"https:\/\/radioguerrerosonline.com\/index.php\/wp-json\/wp\/v2\/media?parent=5291"}],"wp:term":[{"taxonomy":"category","embeddable":true,"href":"https:\/\/radioguerrerosonline.com\/index.php\/wp-json\/wp\/v2\/categories?post=5291"},{"taxonomy":"post_tag","embeddable":true,"href":"https:\/\/radioguerrerosonline.com\/index.php\/wp-json\/wp\/v2\/tags?post=5291"}],"curies":[{"name":"wp","href":"https:\/\/api.w.org\/{rel}","templated":true}]}}