{"id":6451,"date":"2025-06-02T18:35:33","date_gmt":"2025-06-03T00:35:33","guid":{"rendered":"https:\/\/radioguerrerosonline.com\/?p=6451"},"modified":"2025-06-02T18:35:33","modified_gmt":"2025-06-03T00:35:33","slug":"la-seleccion-mexicana-regresa-a-los-entrenamientos-con-varias-de-sus-principales-figuras","status":"publish","type":"post","link":"https:\/\/radioguerrerosonline.com\/index.php\/2025\/06\/02\/la-seleccion-mexicana-regresa-a-los-entrenamientos-con-varias-de-sus-principales-figuras\/","title":{"rendered":"La selecci\u00f3n mexicana regresa a los entrenamientos con varias de sus principales figuras"},"content":{"rendered":"\n<p><strong>Lunes 02 de Junio de 2025.<\/strong><\/p>\n\n\n\n<p>La selecci\u00f3n mexicana reanud\u00f3 este lunes sus entrenamientos para la Copa Oro con la incorporaci\u00f3n de varias de sus principales figuras, algunas involucradas en ligas europeas; otras del Toluca, campe\u00f3n del torneo Clausura.<\/p>\n\n\n\n<p>Dirigidos por el seleccionador Javier Aguirre, los miembros del Tri hicieron trabajo de gimnasio y luego con la pelota, en su campamento en las afueras de la Ciudad de M\u00e9xico.<\/p>\n\n\n\n<p>Los delanteros Ra\u00fal Jim\u00e9nez, del Fulham de la Liga Premier; Santiago Gim\u00e9nez, del Mil\u00e1n de la Serie A de Italia, y Alexis Vega, del Toluca, estuvieron entre los m\u00e1s activos este lunes, en el comienzo de una semana que culminar\u00e1 con el amistoso ante Suiza, el pr\u00f3ximo s\u00e1bado en Salt Lake.<\/p>\n\n\n\n<p>M\u00e9xico defender\u00e1 el t\u00edtulo en la Copa Oro, que gan\u00f3 en el 2023 de la mano del entrenador Jaime Lozano y lo har\u00e1 con la ausencia de algunos futbolistas de primer nivel, que jugar\u00e1n el Mundial de clubes con el Monterrey y el Pachuca.<\/p>\n\n\n\n<p>La derrota este domingo del Am\u00e9rica ante Los Angeles FC, en la disputa del \u00faltimo boleto para el Mundial, ha sido uno de los golpes m\u00e1s rotundos del f\u00fatbol mexicano este a\u00f1o, pero le facilitar\u00e1 la labor a Aguirre, quien podr\u00e1 disponer de algunos jugadores de los azulcremas.<\/p>\n\n\n\n<p>Entre los americanistas que deben estar en el torneo de naciones de Concacaf est\u00e1n el guardameta titular Luis Malag\u00f3n; los defensas Israel Reyes y Ram\u00f3n Ju\u00e1rez y el delantero Henry Mart\u00edn, aunque \u00e9ste se recupera de una lesi\u00f3n.<\/p>\n\n\n\n<p>Despu\u00e9s de jugar contra Suiza, los mexicanos enfrentar\u00e1n el martes 10 a Turqu\u00eda en Carolina del Norte, en otro duelo de preparaci\u00f3n.<\/p>\n\n\n\n<p>En esos partidos la selecci\u00f3n tendr\u00e1, adem\u00e1s de la ausencia de los futbolistas de Monterrey y Pachuca, la de los pertenecientes al Am\u00e9rica y el Cruz Azul, que se tomar\u00e1n una semana de vacaciones despu\u00e9s de sus compromisos, en el caso de los Azules tras ganar anoche la Copa de campeones de la Concacaf.<\/p>\n\n\n\n<p>A\u00fan si se reportaran antes del duelo contra Turqu\u00eda, es probable que no sean tomados en cuenta por haber perdido ritmo.<\/p>\n\n\n\n<p>M\u00e9xico jugar\u00e1 la Copa Oro en el grupo A contra Rep\u00fablica Dominicana, Surinam y Costa Rica. El Tri asumir\u00e1 el torneo con una combinaci\u00f3n de j\u00f3venes y veteranos, algunos de los cuales juegan en Ligas de Europa o en la MLS de Estados Unidos.<\/p>\n","protected":false},"excerpt":{"rendered":"<p>Lunes 02 de Junio de 2025. La selecci\u00f3n mexicana reanud\u00f3 este lunes sus entrenamientos para la Copa Oro con la incorporaci\u00f3n de varias de sus principales figuras, algunas involucradas en ligas europeas; otras del Toluca, campe\u00f3n del torneo Clausura. Dirigidos por el seleccionador Javier Aguirre, los miembros del Tri hicieron trabajo de gimnasio y luego [&hellip;]<\/p>\n","protected":false},"author":2,"featured_media":6452,"comment_status":"open","ping_status":"open","sticky":false,"template":"","format":"standard","meta":{"content-type":"","footnotes":""},"categories":[1],"tags":[63],"class_list":{"0":"post-6451","1":"post","2":"type-post","3":"status-publish","4":"format-standard","5":"has-post-thumbnail","7":"category-blog","8":"tag-deportes"},"_links":{"self":[{"href":"https:\/\/radioguerrerosonline.com\/index.php\/wp-json\/wp\/v2\/posts\/6451","targetHints":{"allow":["GET"]}}],"collection":[{"href":"https:\/\/radioguerrerosonline.com\/index.php\/wp-json\/wp\/v2\/posts"}],"about":[{"href":"https:\/\/radioguerrerosonline.com\/index.php\/wp-json\/wp\/v2\/types\/post"}],"author":[{"embeddable":true,"href":"https:\/\/radioguerrerosonline.com\/index.php\/wp-json\/wp\/v2\/users\/2"}],"replies":[{"embeddable":true,"href":"https:\/\/radioguerrerosonline.com\/index.php\/wp-json\/wp\/v2\/comments?post=6451"}],"version-history":[{"count":1,"href":"https:\/\/radioguerrerosonline.com\/index.php\/wp-json\/wp\/v2\/posts\/6451\/revisions"}],"predecessor-version":[{"id":6453,"href":"https:\/\/radioguerrerosonline.com\/index.php\/wp-json\/wp\/v2\/posts\/6451\/revisions\/6453"}],"wp:featuredmedia":[{"embeddable":true,"href":"https:\/\/radioguerrerosonline.com\/index.php\/wp-json\/wp\/v2\/media\/6452"}],"wp:attachment":[{"href":"https:\/\/radioguerrerosonline.com\/index.php\/wp-json\/wp\/v2\/media?parent=6451"}],"wp:term":[{"taxonomy":"category","embeddable":true,"href":"https:\/\/radioguerrerosonline.com\/index.php\/wp-json\/wp\/v2\/categories?post=6451"},{"taxonomy":"post_tag","embeddable":true,"href":"https:\/\/radioguerrerosonline.com\/index.php\/wp-json\/wp\/v2\/tags?post=6451"}],"curies":[{"name":"wp","href":"https:\/\/api.w.org\/{rel}","templated":true}]}}